{"id":31531,"date":"2024-08-06T08:39:24","date_gmt":"2024-08-06T06:39:24","guid":{"rendered":"https:\/\/turismomaestrazgo.org\/festivals-dete-dans-la-region-du-maestrazgo\/"},"modified":"2024-10-31T12:02:48","modified_gmt":"2024-10-31T11:02:48","slug":"festivals-dete-dans-la-region-du-maestrazgo","status":"publish","type":"post","link":"https:\/\/turismomaestrazgo.org\/fr\/festivals-dete-dans-la-region-du-maestrazgo\/","title":{"rendered":"Festivals d&#8217;\u00e9t\u00e9 dans la r\u00e9gion du Maestrazgo"},"content":{"rendered":"\n<p>S&#8217;il est une chose qui caract\u00e9rise le mois d&#8217;ao\u00fbt dans le Maestrazgo, c&#8217;est le grand nombre de localit\u00e9s qui c\u00e9l\u00e8brent leurs f\u00eates patronales.<\/p>\n\n<p>Tous les week-ends, vous pouvez assister \u00e0 des f\u00eates dans l&#8217;un ou l&#8217;autre village. Les premi\u00e8res sont celles d&#8217;Abenfigo, Molinos, Cuevas de Ca\u00f1art et Mirambel, le premier week-end du mois, et \u00e0 partir de l\u00e0, c&#8217;est non-stop : celles de Castellote, Las Planas, Dos Torres, Bord\u00f3n, Ladru\u00f1\u00e1n, Fortanete, Miravete de la Sierra, Ca\u00f1ada de Benatanduz, La Cuba et Luco de Bord\u00f3n s&#8217;\u00e9talent sur le milieu du mois, pour finir avec celles de Villarluengo et Cantavieja. <\/p>\n\n<p>Toutes les f\u00eates patronales n&#8217;ont pas lieu en ao\u00fbt. Allepuz et Villarroya de los Pinares les ont c\u00e9l\u00e9br\u00e9es fin juillet, et d\u00e9but septembre, c&#8217;est au tour de La Iglesuela del Cid et de Tronch\u00f3n. Les plus r\u00e9centes sont celles de Pitarque, qui ont lieu en octobre.  <\/p>\n\n<p>Chacune a ses particularit\u00e9s, mais les points communs sont nombreux : fanfares, f\u00eates de rue (ou danses, comme on dit ici) et discoth\u00e8ques, d\u00e9jeuners ou d\u00eeners populaires, &#8220;jota&#8221; et &#8220;rondallas&#8221; de danse, concours divers et bien d&#8217;autres choses encore. Il ne faut pas non plus oublier les manifestations religieuses en l&#8217;honneur des saints patrons de chaque ville, avec des messes color\u00e9es, des offrandes de fleurs et des processions. <\/p>\n\n<p>Mais s&#8217;il y a un protagoniste incontest\u00e9 dans beaucoup d&#8217;entre elles, c&#8217;est le taureau, couru dans les encierros ou comme toro embolado. Les villages sont ferm\u00e9s par des barri\u00e8res pour commencer l&#8217;encierro, o\u00f9 les jeunes tentent les vaches qui se dirigent vers les ar\u00e8nes. L&#8217;apr\u00e8s-midi, on fait courir les vaches et on proc\u00e8de \u00e0 la &#8220;prueba del toro&#8221; (\u00e9preuve du taureau), pour profiter de la charge du taureau qui, \u00e0 la nuit tomb\u00e9e, sera embolis\u00e9 et l\u00e2ch\u00e9 dans les rues de la ville.  <\/p>\n\n<p>D&#8217;autres activit\u00e9s sont organis\u00e9es dans certains villages : d\u00e9fil\u00e9s de chars avec des repr\u00e9sentants des enfants et des jeunes ou des pe\u00f1as costum\u00e9es, f\u00eates de la mousse, spectacles de rue, feux d&#8217;artifice, spectacles pyrotechniques, etc.<\/p>\n\n<p>\u00c0 Mirambel, l&#8217;apr\u00e8s-midi est particuli\u00e8rement int\u00e9ressant pour la danse du Rolde, une danse folklorique traditionnelle qui est dans\u00e9e tous les dimanches des f\u00eates par les quintos, les jeunes de la ville.  <\/p>\n\n<p>Les f\u00eates de septembre sont celles qui ont lieu autour du 8 septembre, date de la Nativit\u00e9 de la Vierge Marie, et qui c\u00e9l\u00e8brent les &#8220;Vierges qui sont apparues&#8221;, comme c&#8217;est le cas de la Virgen del Cid \u00e0 La Iglesuela et de la Virgen del Tremedal \u00e0 Tronch\u00f3n. Toutes deux ont leurs propres particularit\u00e9s, mais elles se rendent en p\u00e8lerinage \u00e0 l&#8217;ermitage de leur d\u00e9votion et c\u00e9l\u00e8brent des \u00e9v\u00e9nements diff\u00e9rents. \u00c0 Iglesuela, on remarque les danses de berg\u00e8res et de gitans ex\u00e9cut\u00e9es par les jeunes filles de l&#8217;ermitage, tandis qu&#8217;\u00e0 Tronch\u00f3n, on attend avec impatience les discours de bienvenue et d&#8217;adieu r\u00e9cit\u00e9s \u00e0 la Vierge par deux enfants du village d\u00e9guis\u00e9s en anges, \u00e0 l&#8217;entr\u00e9e et \u00e0 la sortie du village.  <\/p>\n\n<p>Si vous voulez en savoir un peu plus sur l&#8217;idiosyncrasie des villages du Maestrazgo, ne manquez pas ces moments de joie, de fraternit\u00e9 et de plaisir et participez-y. Vous ne le regretterez pas. Vous \u00eates s\u00fbrs de passer un bon moment !!!<\/p>\n\n<div class=\"wp-block-columns is-layout-flex wp-container-core-columns-is-layout-28f84493 wp-block-columns-is-layout-flex\">\n<div class=\"wp-block-column is-layout-flow wp-block-column-is-layout-flow\">\n<figure class=\"wp-block-gallery has-nested-images columns-4 is-cropped wp-block-gallery-1 is-layout-flex wp-block-gallery-is-layout-flex\">\n<figure class=\"wp-block-image size-full\"><img fetchpriority=\"high\" decoding=\"async\" width=\"2560\" height=\"1707\" data-id=\"30660\" src=\"https:\/\/turismomaestrazgo.org\/wp-content\/uploads\/2024\/08\/IMG_8789-scaled.jpg\" alt=\"\" class=\"wp-image-30660\" srcset=\"https:\/\/turismomaestrazgo.org\/wp-content\/uploads\/2024\/08\/IMG_8789-scaled.jpg 2560w, https:\/\/turismomaestrazgo.org\/wp-content\/uploads\/2024\/08\/IMG_8789-300x200.jpg 300w, https:\/\/turismomaestrazgo.org\/wp-content\/uploads\/2024\/08\/IMG_8789-1024x683.jpg 1024w, https:\/\/turismomaestrazgo.org\/wp-content\/uploads\/2024\/08\/IMG_8789-768x512.jpg 768w, https:\/\/turismomaestrazgo.org\/wp-content\/uploads\/2024\/08\/IMG_8789-1536x1024.jpg 1536w, https:\/\/turismomaestrazgo.org\/wp-content\/uploads\/2024\/08\/IMG_8789-2048x1365.jpg 2048w\" sizes=\"(max-width: 2560px) 100vw, 2560px\" \/><\/figure>\n\n\n\n<figure class=\"wp-block-image size-full\"><img decoding=\"async\" width=\"2560\" height=\"1703\" data-id=\"30654\" src=\"https:\/\/turismomaestrazgo.org\/wp-content\/uploads\/2024\/08\/Fiestas-del-Tremedal-2015-1-scaled.jpg\" alt=\"\" class=\"wp-image-30654\" srcset=\"https:\/\/turismomaestrazgo.org\/wp-content\/uploads\/2024\/08\/Fiestas-del-Tremedal-2015-1-scaled.jpg 2560w, https:\/\/turismomaestrazgo.org\/wp-content\/uploads\/2024\/08\/Fiestas-del-Tremedal-2015-1-300x200.jpg 300w, https:\/\/turismomaestrazgo.org\/wp-content\/uploads\/2024\/08\/Fiestas-del-Tremedal-2015-1-1024x681.jpg 1024w, https:\/\/turismomaestrazgo.org\/wp-content\/uploads\/2024\/08\/Fiestas-del-Tremedal-2015-1-768x511.jpg 768w, https:\/\/turismomaestrazgo.org\/wp-content\/uploads\/2024\/08\/Fiestas-del-Tremedal-2015-1-1536x1022.jpg 1536w, https:\/\/turismomaestrazgo.org\/wp-content\/uploads\/2024\/08\/Fiestas-del-Tremedal-2015-1-2048x1363.jpg 2048w\" sizes=\"(max-width: 2560px) 100vw, 2560px\" \/><\/figure>\n\n\n\n<figure class=\"wp-block-image size-full\"><img decoding=\"async\" width=\"2048\" height=\"1536\" data-id=\"30651\" src=\"https:\/\/turismomaestrazgo.org\/wp-content\/uploads\/2024\/08\/4.-Toro-embolado-Cantavieja.jpg\" alt=\"\" class=\"wp-image-30651\" srcset=\"https:\/\/turismomaestrazgo.org\/wp-content\/uploads\/2024\/08\/4.-Toro-embolado-Cantavieja.jpg 2048w, https:\/\/turismomaestrazgo.org\/wp-content\/uploads\/2024\/08\/4.-Toro-embolado-Cantavieja-300x225.jpg 300w, https:\/\/turismomaestrazgo.org\/wp-content\/uploads\/2024\/08\/4.-Toro-embolado-Cantavieja-1024x768.jpg 1024w, https:\/\/turismomaestrazgo.org\/wp-content\/uploads\/2024\/08\/4.-Toro-embolado-Cantavieja-768x576.jpg 768w, https:\/\/turismomaestrazgo.org\/wp-content\/uploads\/2024\/08\/4.-Toro-embolado-Cantavieja-1536x1152.jpg 1536w\" sizes=\"(max-width: 2048px) 100vw, 2048px\" \/><\/figure>\n\n\n\n<figure class=\"wp-block-image size-full\"><img loading=\"lazy\" decoding=\"async\" width=\"2560\" height=\"1707\" data-id=\"30657\" src=\"https:\/\/turismomaestrazgo.org\/wp-content\/uploads\/2024\/08\/IMG_2733-scaled.jpg\" alt=\"\" class=\"wp-image-30657\" srcset=\"https:\/\/turismomaestrazgo.org\/wp-content\/uploads\/2024\/08\/IMG_2733-scaled.jpg 2560w, https:\/\/turismomaestrazgo.org\/wp-content\/uploads\/2024\/08\/IMG_2733-300x200.jpg 300w, https:\/\/turismomaestrazgo.org\/wp-content\/uploads\/2024\/08\/IMG_2733-1024x683.jpg 1024w, https:\/\/turismomaestrazgo.org\/wp-content\/uploads\/2024\/08\/IMG_2733-768x512.jpg 768w, https:\/\/turismomaestrazgo.org\/wp-content\/uploads\/2024\/08\/IMG_2733-1536x1024.jpg 1536w, https:\/\/turismomaestrazgo.org\/wp-content\/uploads\/2024\/08\/IMG_2733-2048x1365.jpg 2048w\" sizes=\"(max-width: 2560px) 100vw, 2560px\" \/><\/figure>\n<\/figure>\n<\/div>\n<\/div>\n","protected":false},"excerpt":{"rendered":"<p>S&#8217;il est une chose qui caract\u00e9rise le mois d&#8217;ao\u00fbt dans le Maestrazgo, c&#8217;est le grand nombre de localit\u00e9s qui c\u00e9l\u00e8brent leurs f\u00eates patronales. Tous les week-ends, vous pouvez assister \u00e0 [&hellip;]<\/p>\n","protected":false},"author":3,"featured_media":30659,"comment_status":"closed","ping_status":"closed","sticky":false,"template":"","format":"standard","meta":{"_acf_changed":false,"_EventAllDay":false,"_EventTimezone":"","_EventStartDate":"","_EventEndDate":"","_EventStartDateUTC":"","_EventEndDateUTC":"","_EventShowMap":false,"_EventShowMapLink":false,"_EventURL":"","_EventCost":"","_EventCostDescription":"","_EventCurrencySymbol":"","_EventCurrencyCode":"","_EventCurrencyPosition":"","_EventDateTimeSeparator":"","_EventTimeRangeSeparator":"","_EventOrganizerID":[],"_EventVenueID":[],"_OrganizerEmail":"","_OrganizerPhone":"","_OrganizerWebsite":"","_VenueAddress":"","_VenueCity":"","_VenueCountry":"","_VenueProvince":"","_VenueState":"","_VenueZip":"","_VenuePhone":"","_VenueURL":"","_VenueStateProvince":"","_VenueLat":"","_VenueLng":"","_VenueShowMap":false,"_VenueShowMapLink":false,"footnotes":""},"categories":[152],"tags":[546,449],"class_list":["post-31531","post","type-post","status-publish","format-standard","has-post-thumbnail","hentry","category-non-classifiee","tag-maestrazgo-fr","tag-parties-fr"],"acf":[],"_links":{"self":[{"href":"https:\/\/turismomaestrazgo.org\/fr\/wp-json\/wp\/v2\/posts\/31531","targetHints":{"allow":["GET"]}}],"collection":[{"href":"https:\/\/turismomaestrazgo.org\/fr\/wp-json\/wp\/v2\/posts"}],"about":[{"href":"https:\/\/turismomaestrazgo.org\/fr\/wp-json\/wp\/v2\/types\/post"}],"author":[{"embeddable":true,"href":"https:\/\/turismomaestrazgo.org\/fr\/wp-json\/wp\/v2\/users\/3"}],"replies":[{"embeddable":true,"href":"https:\/\/turismomaestrazgo.org\/fr\/wp-json\/wp\/v2\/comments?post=31531"}],"version-history":[{"count":0,"href":"https:\/\/turismomaestrazgo.org\/fr\/wp-json\/wp\/v2\/posts\/31531\/revisions"}],"wp:featuredmedia":[{"embeddable":true,"href":"https:\/\/turismomaestrazgo.org\/fr\/wp-json\/wp\/v2\/media\/30659"}],"wp:attachment":[{"href":"https:\/\/turismomaestrazgo.org\/fr\/wp-json\/wp\/v2\/media?parent=31531"}],"wp:term":[{"taxonomy":"category","embeddable":true,"href":"https:\/\/turismomaestrazgo.org\/fr\/wp-json\/wp\/v2\/categories?post=31531"},{"taxonomy":"post_tag","embeddable":true,"href":"https:\/\/turismomaestrazgo.org\/fr\/wp-json\/wp\/v2\/tags?post=31531"}],"curies":[{"name":"wp","href":"https:\/\/api.w.org\/{rel}","templated":true}]}}