{"id":34021,"date":"2025-03-03T14:58:36","date_gmt":"2025-03-03T13:58:36","guid":{"rendered":"https:\/\/turismomaestrazgo.org\/le-livre-blanc-sur-lembellissement-des-villages-du-maestrazgo\/"},"modified":"2025-04-11T12:39:47","modified_gmt":"2025-04-11T10:39:47","slug":"le-livre-blanc-sur-lembellissement-des-villages-du-maestrazgo","status":"publish","type":"post","link":"https:\/\/turismomaestrazgo.org\/fr\/le-livre-blanc-sur-lembellissement-des-villages-du-maestrazgo\/","title":{"rendered":"Le livre blanc sur l&#8217;embellissement des villages du Maestrazgo."},"content":{"rendered":"\n<p>D\u00e9but f\u00e9vrier, la Comarca del Maestrazgo a pr\u00e9sent\u00e9 le fruit de plusieurs mois de travail. Il s&#8217;agit du Livre blanc sur l&#8217;embellissement des villages du Maestrazgo. <\/p>\n\n<p>Ce livre est le fruit du travail de l&#8217;\u00e9quipe d&#8217;architectes de la Fondation Santa Mar\u00eda, dirig\u00e9e par la docteure en architecture Ana Almagro, et de la c\u00e9l\u00e8bre \u00e9clairagiste Marta Coda, qui ont analys\u00e9 l&#8217;\u00e9clairage nocturne actuel des villages du Maestrazgo et formul\u00e9 des recommandations pour chacun d&#8217;entre eux.<\/p>\n\n<p>Il s&#8217;agit d&#8217;un projet innovant, cr\u00e9\u00e9 pour r\u00e9pondre aux besoins du patrimoine et de l&#8217;\u00e9clairage du Maestrazgo du point de vue de la conservation, de la restauration, de l&#8217;embellissement et de l&#8217;efficacit\u00e9 \u00e9nerg\u00e9tique.<\/p>\n\n<p>Le document est le r\u00e9sultat d&#8217;une \u00e9tude approfondie de chacune des municipalit\u00e9s qui composent la r\u00e9gion et vise \u00e0 fournir des orientations g\u00e9n\u00e9rales pour l&#8217;ensemble du territoire, communes et applicables \u00e0 tous, afin d&#8217;assurer la pr\u00e9servation des valeurs patrimoniales et paysag\u00e8res qui caract\u00e9risent le Maestrazgo en tant que territoire.<\/p>\n\n<p>Il s&#8217;agit avant tout d&#8217;un document utile et pratique pour les communes et la r\u00e9gion, qui aborde \u00e0 la fois les crit\u00e8res d&#8217;embellissement et d&#8217;\u00e9clairage nocturne, avec l&#8217;objectif clair de faciliter la t\u00e2che de gestion, de contr\u00f4le et d&#8217;ex\u00e9cution des interventions dans les complexes par les mairies, les habitants et la r\u00e9gion.<\/p>\n\n<p>En plus des orientations g\u00e9n\u00e9rales, chaque mairie a re\u00e7u une \u00e9tude d\u00e9taill\u00e9e de sa commune. Dans un premier temps, plusieurs actions seront entreprises, une par commune, dont la restauration du trinquet d&#8217;Allepuz, des fa\u00e7ades des \u00e9glises de Bord\u00f3n, Molinos et La Iglesuela del Cid, de l&#8217;ermitage de Los Pueyos de Cuevas de Ca\u00f1art, de la fontaine, du lavoir et de l&#8217;abreuvoir de Pitarque, du portail de la murada de Villarluengo, de l&#8217;atrium de l&#8217;\u00e9glise de Villarroya, etc.   <\/p>\n\n<p>En outre, la zone des vergers de Fortanete sera \u00e9galement restaur\u00e9e et, \u00e0 son tour, une illumination ornementale exemplaire sera cr\u00e9\u00e9e pour servir d&#8217;exemple d&#8217;\u00e9clairage nocturne efficace pour tous les villages du Maestrazgo, ce qui constituera certainement une incitation \u00e0 revisiter cet endroit charmant.<\/p>\n\n<p>Ce livre blanc deviendra sans aucun doute la feuille de route pour les ann\u00e9es \u00e0 venir.<\/p>\n\n<p><\/p>\n\n<p><\/p>\n\n<figure class=\"wp-block-gallery aligncenter has-nested-images columns-default is-cropped wp-block-gallery-1 is-layout-flex wp-block-gallery-is-layout-flex\">\n<figure class=\"wp-block-image size-large\"><img fetchpriority=\"high\" decoding=\"async\" width=\"1024\" height=\"683\" data-id=\"33779\" src=\"https:\/\/turismomaestrazgo.org\/wp-content\/uploads\/2025\/03\/Allepuz-baja-9-1024x683.jpg\" alt=\"\" class=\"wp-image-33779\" srcset=\"https:\/\/turismomaestrazgo.org\/wp-content\/uploads\/2025\/03\/Allepuz-baja-9-1024x683.jpg 1024w, https:\/\/turismomaestrazgo.org\/wp-content\/uploads\/2025\/03\/Allepuz-baja-9-300x200.jpg 300w, https:\/\/turismomaestrazgo.org\/wp-content\/uploads\/2025\/03\/Allepuz-baja-9-768x512.jpg 768w, https:\/\/turismomaestrazgo.org\/wp-content\/uploads\/2025\/03\/Allepuz-baja-9-1536x1024.jpg 1536w, https:\/\/turismomaestrazgo.org\/wp-content\/uploads\/2025\/03\/Allepuz-baja-9-2048x1365.jpg 2048w\" sizes=\"(max-width: 1024px) 100vw, 1024px\" \/><\/figure>\n\n\n\n<figure class=\"wp-block-image size-large\"><img decoding=\"async\" width=\"1024\" height=\"683\" data-id=\"33782\" src=\"https:\/\/turismomaestrazgo.org\/wp-content\/uploads\/2025\/03\/Bordon-baja-1-1024x683.jpg\" alt=\"\" class=\"wp-image-33782\" srcset=\"https:\/\/turismomaestrazgo.org\/wp-content\/uploads\/2025\/03\/Bordon-baja-1-1024x683.jpg 1024w, https:\/\/turismomaestrazgo.org\/wp-content\/uploads\/2025\/03\/Bordon-baja-1-300x200.jpg 300w, https:\/\/turismomaestrazgo.org\/wp-content\/uploads\/2025\/03\/Bordon-baja-1-768x512.jpg 768w, https:\/\/turismomaestrazgo.org\/wp-content\/uploads\/2025\/03\/Bordon-baja-1-1536x1024.jpg 1536w, https:\/\/turismomaestrazgo.org\/wp-content\/uploads\/2025\/03\/Bordon-baja-1-2048x1365.jpg 2048w\" sizes=\"(max-width: 1024px) 100vw, 1024px\" \/><\/figure>\n\n\n\n<figure class=\"wp-block-image size-large\"><img decoding=\"async\" width=\"1024\" height=\"683\" data-id=\"33791\" src=\"https:\/\/turismomaestrazgo.org\/wp-content\/uploads\/2025\/03\/La-Cuba-baja-7-1024x683.jpg\" alt=\"\" class=\"wp-image-33791\" srcset=\"https:\/\/turismomaestrazgo.org\/wp-content\/uploads\/2025\/03\/La-Cuba-baja-7-1024x683.jpg 1024w, https:\/\/turismomaestrazgo.org\/wp-content\/uploads\/2025\/03\/La-Cuba-baja-7-300x200.jpg 300w, https:\/\/turismomaestrazgo.org\/wp-content\/uploads\/2025\/03\/La-Cuba-baja-7-768x512.jpg 768w, https:\/\/turismomaestrazgo.org\/wp-content\/uploads\/2025\/03\/La-Cuba-baja-7-1536x1024.jpg 1536w, https:\/\/turismomaestrazgo.org\/wp-content\/uploads\/2025\/03\/La-Cuba-baja-7-2048x1365.jpg 2048w\" sizes=\"(max-width: 1024px) 100vw, 1024px\" \/><\/figure>\n\n\n\n<figure class=\"wp-block-image size-large\"><img loading=\"lazy\" decoding=\"async\" width=\"1024\" height=\"683\" data-id=\"33785\" src=\"https:\/\/turismomaestrazgo.org\/wp-content\/uploads\/2025\/03\/Cantavieja-baja-21-1024x683.jpg\" alt=\"\" class=\"wp-image-33785\" srcset=\"https:\/\/turismomaestrazgo.org\/wp-content\/uploads\/2025\/03\/Cantavieja-baja-21-1024x683.jpg 1024w, https:\/\/turismomaestrazgo.org\/wp-content\/uploads\/2025\/03\/Cantavieja-baja-21-300x200.jpg 300w, https:\/\/turismomaestrazgo.org\/wp-content\/uploads\/2025\/03\/Cantavieja-baja-21-768x512.jpg 768w, https:\/\/turismomaestrazgo.org\/wp-content\/uploads\/2025\/03\/Cantavieja-baja-21-1536x1024.jpg 1536w, https:\/\/turismomaestrazgo.org\/wp-content\/uploads\/2025\/03\/Cantavieja-baja-21-2048x1365.jpg 2048w\" sizes=\"(max-width: 1024px) 100vw, 1024px\" \/><\/figure>\n\n\n\n<figure class=\"wp-block-image size-large\"><img loading=\"lazy\" decoding=\"async\" width=\"1024\" height=\"683\" data-id=\"33794\" src=\"https:\/\/turismomaestrazgo.org\/wp-content\/uploads\/2025\/03\/Las-Cuevas-de-Canart-baja-14-1024x683.jpg\" alt=\"\" class=\"wp-image-33794\" srcset=\"https:\/\/turismomaestrazgo.org\/wp-content\/uploads\/2025\/03\/Las-Cuevas-de-Canart-baja-14-1024x683.jpg 1024w, https:\/\/turismomaestrazgo.org\/wp-content\/uploads\/2025\/03\/Las-Cuevas-de-Canart-baja-14-300x200.jpg 300w, https:\/\/turismomaestrazgo.org\/wp-content\/uploads\/2025\/03\/Las-Cuevas-de-Canart-baja-14-768x512.jpg 768w, https:\/\/turismomaestrazgo.org\/wp-content\/uploads\/2025\/03\/Las-Cuevas-de-Canart-baja-14-1536x1024.jpg 1536w, https:\/\/turismomaestrazgo.org\/wp-content\/uploads\/2025\/03\/Las-Cuevas-de-Canart-baja-14-2048x1365.jpg 2048w\" sizes=\"(max-width: 1024px) 100vw, 1024px\" \/><\/figure>\n\n\n\n<figure class=\"wp-block-image size-large\"><img loading=\"lazy\" decoding=\"async\" width=\"1024\" height=\"684\" data-id=\"33788\" src=\"https:\/\/turismomaestrazgo.org\/wp-content\/uploads\/2025\/03\/DSC04811-1024x684.jpg\" alt=\"\" class=\"wp-image-33788\" srcset=\"https:\/\/turismomaestrazgo.org\/wp-content\/uploads\/2025\/03\/DSC04811-1024x684.jpg 1024w, https:\/\/turismomaestrazgo.org\/wp-content\/uploads\/2025\/03\/DSC04811-300x200.jpg 300w, https:\/\/turismomaestrazgo.org\/wp-content\/uploads\/2025\/03\/DSC04811-768x513.jpg 768w, https:\/\/turismomaestrazgo.org\/wp-content\/uploads\/2025\/03\/DSC04811-1536x1026.jpg 1536w, https:\/\/turismomaestrazgo.org\/wp-content\/uploads\/2025\/03\/DSC04811-2048x1368.jpg 2048w\" sizes=\"(max-width: 1024px) 100vw, 1024px\" \/><\/figure>\n\n\n\n<figure class=\"wp-block-image size-large\"><img loading=\"lazy\" decoding=\"async\" width=\"1024\" height=\"683\" data-id=\"33800\" src=\"https:\/\/turismomaestrazgo.org\/wp-content\/uploads\/2025\/03\/Molinos-baja-25-1024x683.jpg\" alt=\"\" class=\"wp-image-33800\" srcset=\"https:\/\/turismomaestrazgo.org\/wp-content\/uploads\/2025\/03\/Molinos-baja-25-1024x683.jpg 1024w, https:\/\/turismomaestrazgo.org\/wp-content\/uploads\/2025\/03\/Molinos-baja-25-300x200.jpg 300w, https:\/\/turismomaestrazgo.org\/wp-content\/uploads\/2025\/03\/Molinos-baja-25-768x512.jpg 768w, https:\/\/turismomaestrazgo.org\/wp-content\/uploads\/2025\/03\/Molinos-baja-25-1536x1024.jpg 1536w, https:\/\/turismomaestrazgo.org\/wp-content\/uploads\/2025\/03\/Molinos-baja-25-2048x1365.jpg 2048w\" sizes=\"(max-width: 1024px) 100vw, 1024px\" \/><\/figure>\n\n\n\n<figure class=\"wp-block-image size-large\"><img loading=\"lazy\" decoding=\"async\" width=\"1024\" height=\"683\" data-id=\"33812\" src=\"https:\/\/turismomaestrazgo.org\/wp-content\/uploads\/2025\/03\/Villarroya-de-los-Pinares-baja-17-1024x683.jpg\" alt=\"\" class=\"wp-image-33812\" srcset=\"https:\/\/turismomaestrazgo.org\/wp-content\/uploads\/2025\/03\/Villarroya-de-los-Pinares-baja-17-1024x683.jpg 1024w, https:\/\/turismomaestrazgo.org\/wp-content\/uploads\/2025\/03\/Villarroya-de-los-Pinares-baja-17-300x200.jpg 300w, https:\/\/turismomaestrazgo.org\/wp-content\/uploads\/2025\/03\/Villarroya-de-los-Pinares-baja-17-768x512.jpg 768w, https:\/\/turismomaestrazgo.org\/wp-content\/uploads\/2025\/03\/Villarroya-de-los-Pinares-baja-17-1536x1024.jpg 1536w, https:\/\/turismomaestrazgo.org\/wp-content\/uploads\/2025\/03\/Villarroya-de-los-Pinares-baja-17-2048x1365.jpg 2048w\" sizes=\"(max-width: 1024px) 100vw, 1024px\" \/><\/figure>\n\n\n\n<figure class=\"wp-block-image size-large\"><img loading=\"lazy\" decoding=\"async\" width=\"1024\" height=\"683\" data-id=\"33809\" src=\"https:\/\/turismomaestrazgo.org\/wp-content\/uploads\/2025\/03\/Villarluengo-baja-32-1024x683.jpg\" alt=\"\" class=\"wp-image-33809\" srcset=\"https:\/\/turismomaestrazgo.org\/wp-content\/uploads\/2025\/03\/Villarluengo-baja-32-1024x683.jpg 1024w, https:\/\/turismomaestrazgo.org\/wp-content\/uploads\/2025\/03\/Villarluengo-baja-32-300x200.jpg 300w, https:\/\/turismomaestrazgo.org\/wp-content\/uploads\/2025\/03\/Villarluengo-baja-32-768x512.jpg 768w, https:\/\/turismomaestrazgo.org\/wp-content\/uploads\/2025\/03\/Villarluengo-baja-32-1536x1024.jpg 1536w, https:\/\/turismomaestrazgo.org\/wp-content\/uploads\/2025\/03\/Villarluengo-baja-32-2048x1365.jpg 2048w\" sizes=\"(max-width: 1024px) 100vw, 1024px\" \/><\/figure>\n<\/figure>\n\n<div class=\"wp-block-group is-layout-constrained wp-block-group-is-layout-constrained\"><\/div>\n\n<div class=\"wp-block-columns is-layout-flex wp-container-core-columns-is-layout-28f84493 wp-block-columns-is-layout-flex\">\n<div class=\"wp-block-column is-layout-flow wp-block-column-is-layout-flow\"><\/div>\n\n\n\n<div class=\"wp-block-column is-layout-flow wp-block-column-is-layout-flow\"><\/div>\n\n\n\n<div class=\"wp-block-column is-layout-flow wp-block-column-is-layout-flow\"><\/div>\n<\/div>\n\n<div class=\"wp-block-group has-x-large-font-size is-layout-constrained wp-block-group-is-layout-constrained\">\n<div class=\"wp-block-group is-nowrap is-layout-flex wp-container-core-group-is-layout-6c531013 wp-block-group-is-layout-flex\">\n<div class=\"wp-block-columns is-layout-flex wp-container-core-columns-is-layout-28f84493 wp-block-columns-is-layout-flex\">\n<div class=\"wp-block-column is-layout-flow wp-block-column-is-layout-flow\" style=\"flex-basis:100%\"><\/div>\n<\/div>\n<\/div>\n<\/div>\n\n<p><\/p>\n","protected":false},"excerpt":{"rendered":"<p>D\u00e9but f\u00e9vrier, la Comarca del Maestrazgo a pr\u00e9sent\u00e9 le fruit de plusieurs mois de travail. Il s&#8217;agit du Livre blanc sur l&#8217;embellissement des villages du Maestrazgo. Ce livre est le [&hellip;]<\/p>\n","protected":false},"author":3,"featured_media":33778,"comment_status":"closed","ping_status":"closed","sticky":false,"template":"","format":"standard","meta":{"_acf_changed":false,"_EventAllDay":false,"_EventTimezone":"","_EventStartDate":"","_EventEndDate":"","_EventStartDateUTC":"","_EventEndDateUTC":"","_EventShowMap":false,"_EventShowMapLink":false,"_EventURL":"","_EventCost":"","_EventCostDescription":"","_EventCurrencySymbol":"","_EventCurrencyCode":"","_EventCurrencyPosition":"","_EventDateTimeSeparator":"","_EventTimeRangeSeparator":"","_EventOrganizerID":[],"_EventVenueID":[],"_OrganizerEmail":"","_OrganizerPhone":"","_OrganizerWebsite":"","_VenueAddress":"","_VenueCity":"","_VenueCountry":"","_VenueProvince":"","_VenueState":"","_VenueZip":"","_VenuePhone":"","_VenueURL":"","_VenueStateProvince":"","_VenueLat":"","_VenueLng":"","_VenueShowMap":false,"_VenueShowMapLink":false,"footnotes":""},"categories":[258,275,280,268,264,300,283,260,263,386,259,289,293,302,163,291,165,273],"tags":[546,663],"class_list":["post-34021","post","type-post","status-publish","format-standard","has-post-thumbnail","hentry","category-allepuz-fr","category-bordon-fr","category-canada-de-benatanduz-fr","category-cantavieja-fr","category-castellote-fr","category-cuba","category-fortanete-fr","category-grottes-de-canart","category-iglesuela-del-cid","category-les-grottes-de-canart","category-molinos-fr","category-mirambel-fr","category-miravete-de-la-sierra","category-pitarque-fr","category-region-du-maestrazgo","category-tronchon-fr","category-villarluengo-fr","category-villarroya-de-los-pinares-fr","tag-maestrazgo-fr","tag-villages-fr"],"acf":[],"_links":{"self":[{"href":"https:\/\/turismomaestrazgo.org\/fr\/wp-json\/wp\/v2\/posts\/34021","targetHints":{"allow":["GET"]}}],"collection":[{"href":"https:\/\/turismomaestrazgo.org\/fr\/wp-json\/wp\/v2\/posts"}],"about":[{"href":"https:\/\/turismomaestrazgo.org\/fr\/wp-json\/wp\/v2\/types\/post"}],"author":[{"embeddable":true,"href":"https:\/\/turismomaestrazgo.org\/fr\/wp-json\/wp\/v2\/users\/3"}],"replies":[{"embeddable":true,"href":"https:\/\/turismomaestrazgo.org\/fr\/wp-json\/wp\/v2\/comments?post=34021"}],"version-history":[{"count":1,"href":"https:\/\/turismomaestrazgo.org\/fr\/wp-json\/wp\/v2\/posts\/34021\/revisions"}],"predecessor-version":[{"id":34022,"href":"https:\/\/turismomaestrazgo.org\/fr\/wp-json\/wp\/v2\/posts\/34021\/revisions\/34022"}],"wp:featuredmedia":[{"embeddable":true,"href":"https:\/\/turismomaestrazgo.org\/fr\/wp-json\/wp\/v2\/media\/33778"}],"wp:attachment":[{"href":"https:\/\/turismomaestrazgo.org\/fr\/wp-json\/wp\/v2\/media?parent=34021"}],"wp:term":[{"taxonomy":"category","embeddable":true,"href":"https:\/\/turismomaestrazgo.org\/fr\/wp-json\/wp\/v2\/categories?post=34021"},{"taxonomy":"post_tag","embeddable":true,"href":"https:\/\/turismomaestrazgo.org\/fr\/wp-json\/wp\/v2\/tags?post=34021"}],"curies":[{"name":"wp","href":"https:\/\/api.w.org\/{rel}","templated":true}]}}